{"id":7134,"date":"2012-09-07T13:04:34","date_gmt":"2012-09-07T17:04:34","guid":{"rendered":"http:\/\/www.musicalamerica.com\/mablogs\/?p=7134"},"modified":"2012-09-26T15:03:56","modified_gmt":"2012-09-26T19:03:56","slug":"a-prim-%e2%80%98carmen%e2%80%99-returns-to-the-salzburg-festival","status":"publish","type":"post","link":"http:\/\/www.musicalamerica.com\/mablogs\/?p=7134","title":{"rendered":"A prim \u2018Carmen\u2019 returns to the Salzburg Festival"},"content":{"rendered":"<p>By Rebecca Schmid<\/p>\n<p><a href=\"http:\/\/www.musicalamerica.com\/mablogs\/wp-content\/uploads\/2012\/09\/web-Jonas_Kaufmann_Magdalena_Kozena_Luigi_Caputo1.jpg\"><img loading=\"lazy\" decoding=\"async\" src=\"http:\/\/www.musicalamerica.com\/mablogs\/wp-content\/uploads\/2012\/09\/web-Jonas_Kaufmann_Magdalena_Kozena_Luigi_Caputo1-150x150.jpg\" alt=\"\" width=\"150\" height=\"150\" class=\"alignleft size-thumbnail wp-image-7136\" \/><\/a><\/p>\n<p>The title role of Bizet\u00b4s <em>Carmen <\/em>is a milestone for mezzo-sopranos, setting them up for comparison with a pantheon of singers from Maria Callas to Jessye Norman. Magdalena Kozena, well-aware of the challenge, waited until this year to sing in her first fully-staged production, directed by the choreographer Aletta Collins and conducted by her husband, Simon Rattle, at the Salzburg Easter Festival. The premiere was widely criticized, mostly for the reportedly undercooked playing of the Berlin Philharmonic in its last residency before the orchestra packs it bags for a shiny new Easter Festival in Baden-Baden, while Collins and Kozena also had to contend with their share of negative feedback. Die Presse went as far as to call Salzburg native Genia K\u00fchmeier the highlight of the production as the virtuous Michaela, hopelessly in love with the na\u00efve solider Don Jos\u00e9 as he chases after Carmen.<\/p>\n<p>The opera returned to the roster of the Salzburg Summer Festival (July 20-September 2), this time with the Vienna Philharmonic in the pit at the Grosses Festspielhaus. The ground was not terribly fertile for Kozena\u00b4s first entrance, seen August 25, following the onslaught of pseudo-gypsy contemporary dance during the overture, nor did the Czech native convey the sense of danger one associates with the ferocious gypsy. She brought excellent French diction and pliant phrasing to her opening aria \u201cL\u00b4amour est enfant de boh\u00e8me,\u201d but her presence was almost too elegant to believe, nor do Kozena\u00b4s low notes have the bite to pull the listener into her seductive destruction. She warmed up a bit more to the role in the second and third acts, expertly playing the castanets in her aria \u201cL\u00e0-bas tu me suivrais\u201d in which she beckons Jos\u00e9 to ride off with her into the sunset, and brought touching vulnerability to the final scene in which Jos\u00e9 stabs her in a fit of desperate rage.<\/p>\n<p>Jonas Kaufmann is, like Kozena, one of today\u00b4s most versatile singers in his Fach and has the star quality to lure audiences in practically any role. His throbbing tenor and steadfast presence made for an amiable Jos\u00e9 despite a constricted timbre that is not ideal for French repertoire. His single aria \u201cLa fleur que tu m\u00b4avais jet\u00e9e\u201d was moving in its earnest execution, although his diction was more understandable in spoken passages. I can\u00b4t help but agree with the Austrian press that K\u00fchmeier outshines her more seasoned colleagues in this production. Her words floated effortlessly to the back of the theatre even in soft passages, with a purity of tone and technical control that reveal the greatest respect for Bizet\u00b4s lyrical nuances. The American baritone Christian Van Horn also impressed with round, authoritative singing as the lieutenant Zuniga.<\/p>\n<p>Kostas Smorginas was commanding as the toreador Escamillo, Jos\u00e9\u00b4s rival, despite a gravelly quality to his voice. The German soprano Christina Landshamer revealed fine musicianship in the role of Carmen\u00b4s friend, Frasquita, complimented well by Rachel Frenkel at her side as Mercedes. The remainder of the supporting cast similarly made a strong impression. The chorus of the Vienna State Opera lived up to its high musical standards, and the children\u00b4s chorus of the Salzburg Festival added some charm to the production. Rattle led the Vienna Philharmonic in an elegant but controlled account of the score, perhaps holding the reins too tight in order to realize his even-textured vision of the music. While the conductor underscored tender moments with great sensitivity, Bizet\u00b4s luxurious Romantic phrases did not always breathe idiomatically.<\/p>\n<p>It is of course no easy task to make one\u00b4s stamp an opera that counts among today\u00b4s most hackneyed stage works. Collins\u00b4 production provides a fresh take through her background in dance, setting musical interludes to elegant if flashy contemporary moves and placing an emphasis on the physical interactions between characters, but the effect is more often contrived than revealing. Her direction shies away from the socially subversive qualities that made the opera so scandalous in the late nineteenth century, having Kozena aggressively push away both Jos\u00e9 and other soldiers ad nauseum while her giving her irresistible eroticism a polite veneer of civility. Jos\u00e9 murders Carmen tenderly but without the bestiality that blurs the lines between love and hatred, life and death. Sets by Miriam Buether and costumes by Gabrielle Dalton range indecisively between the realist and the post-modern. While the plush, red tavern of Lillas Pastia revealed fine craftsmanship, the oversized masks of the final act seemed desperate to create an original artistic brand. Kozena made a striking last appearance in a burnt orange silk dress and matching flower, perhaps more cover girl than street walker, but a fitting presence for a festival that loves its stars. The audience clapped enthusiastically between numbers and well after I had made my way out of the Festspielhaus.<\/p>\n<div id=\"wp_fb_like_button\" style=\"margin:5px 0;float:none;height:34px;\"><script src=\"http:\/\/connect.facebook.net\/en_US\/all.js#xfbml=1\"><\/script><fb:like href=\"http:\/\/www.musicalamerica.com\/mablogs\/?p=7134\" send=\"false\" layout=\"standard\" width=\"450\" show_faces=\"false\" font=\"arial\" action=\"like\" colorscheme=\"light\"><\/fb:like><\/div>","protected":false},"excerpt":{"rendered":"<p>Carmen, Magdalena Kozena, Jonas Kaufmann, Salzburg Festival, Rebecca Schmid, Aletta Collins, Simon Rattle, Vienna Philharmonic, Bizet<\/p>\n","protected":false},"author":21,"featured_media":0,"comment_status":"closed","ping_status":"closed","sticky":false,"template":"","format":"standard","meta":{"footnotes":""},"categories":[927],"tags":[],"aioseo_notices":[],"_links":{"self":[{"href":"http:\/\/www.musicalamerica.com\/mablogs\/index.php?rest_route=\/wp\/v2\/posts\/7134"}],"collection":[{"href":"http:\/\/www.musicalamerica.com\/mablogs\/index.php?rest_route=\/wp\/v2\/posts"}],"about":[{"href":"http:\/\/www.musicalamerica.com\/mablogs\/index.php?rest_route=\/wp\/v2\/types\/post"}],"author":[{"embeddable":true,"href":"http:\/\/www.musicalamerica.com\/mablogs\/index.php?rest_route=\/wp\/v2\/users\/21"}],"replies":[{"embeddable":true,"href":"http:\/\/www.musicalamerica.com\/mablogs\/index.php?rest_route=%2Fwp%2Fv2%2Fcomments&post=7134"}],"version-history":[{"count":6,"href":"http:\/\/www.musicalamerica.com\/mablogs\/index.php?rest_route=\/wp\/v2\/posts\/7134\/revisions"}],"predecessor-version":[{"id":7551,"href":"http:\/\/www.musicalamerica.com\/mablogs\/index.php?rest_route=\/wp\/v2\/posts\/7134\/revisions\/7551"}],"wp:attachment":[{"href":"http:\/\/www.musicalamerica.com\/mablogs\/index.php?rest_route=%2Fwp%2Fv2%2Fmedia&parent=7134"}],"wp:term":[{"taxonomy":"category","embeddable":true,"href":"http:\/\/www.musicalamerica.com\/mablogs\/index.php?rest_route=%2Fwp%2Fv2%2Fcategories&post=7134"},{"taxonomy":"post_tag","embeddable":true,"href":"http:\/\/www.musicalamerica.com\/mablogs\/index.php?rest_route=%2Fwp%2Fv2%2Ftags&post=7134"}],"curies":[{"name":"wp","href":"https:\/\/api.w.org\/{rel}","templated":true}]}}